{"id":1208,"date":"2025-02-03T11:41:26","date_gmt":"2025-02-03T11:41:26","guid":{"rendered":"https:\/\/molto-abogados.com\/?p=1208"},"modified":"2025-02-03T12:09:55","modified_gmt":"2025-02-03T12:09:55","slug":"cinco-dias-obligacion-registrar-jornada-diaria-servicio-domestico","status":"publish","type":"post","link":"https:\/\/molto-abogados.com\/en\/cinco-dias-obligacion-registrar-jornada-diaria-servicio-domestico\/","title":{"rendered":"Cinco D\u00edas | &#8220;S\u00ed, hay obligaci\u00f3n de registrar la jornada diaria del servicio dom\u00e9stico&#8221;"},"content":{"rendered":"\t\t<div data-elementor-type=\"wp-post\" data-elementor-id=\"1208\" class=\"elementor elementor-1208\" data-elementor-post-type=\"post\">\n\t\t\t\t<div class=\"elementor-element elementor-element-44de208c e-flex e-con-boxed e-con e-parent\" data-id=\"44de208c\" data-element_type=\"container\">\n\t\t\t\t\t<div class=\"e-con-inner\">\n\t\t\t\t<div class=\"elementor-element elementor-element-38b343cc elementor-widget elementor-widget-text-editor\" data-id=\"38b343cc\" data-element_type=\"widget\" data-widget_type=\"text-editor.default\">\n\t\t\t\t<div class=\"elementor-widget-container\">\n\t\t\t\t\t\t\t\t\t<h1><strong>Cinco D\u00edas<\/strong> | &#8220;S\u00ed, hay obligaci\u00f3n de registrar la jornada diaria del servicio dom\u00e9stico&#8221;<\/h1><p>\u201cEs indiscutible que hemos vivido un final de a\u00f1o complejo en cuanto a las novedades legislativas y jurisprudenciales en el \u00e1mbito laboral. Y, precisamente por ese aluvi\u00f3n de noticias y titulares, ha pasado desapercibida la <strong>sentencia del Tribunal de Justicia de la Uni\u00f3n Europea (TJUE)<\/strong>, de 19 de diciembre de 2024, dictada en el asunto C-531\/23, que concluye que <strong>la interpretaci\u00f3n de los tribunales espa\u00f1oles sobre la exenci\u00f3n de la obligaci\u00f3n de registrar la jornada de los empleados del hogar es contraria a la normativa comunitaria<\/strong> (Directiva 2003\/88\/CE sobre tiempo de trabajo)<strong> y a la propia normativa nacional<\/strong>\u201d. As\u00ed comienza la tribuna de opini\u00f3n que nuestra compa\u00f1era <span style=\"color: #000000;\"><strong><a style=\"color: #000000;\" href=\"https:\/\/molto-abogados.com\/marta-perez-pire\/\">Marta P\u00e9rez<\/a><\/strong><\/span>, Socia en <strong>Molt\u00f3 Abogados<\/strong>, publica en <strong><span style=\"color: #000000;\"><a style=\"color: #000000;\" href=\"https:\/\/cincodias.elpais.com\/legal\/2025-01-31\/si-hay-obligacion-de-registrar-la-jornada-diaria-del-servicio-domestico.html\" target=\"_blank\" rel=\"noopener\">Cinco D\u00edas<\/a><\/span><\/strong>.<\/p><p>Como asegura P\u00e9rez en la citada publicaci\u00f3n, \u201clo relevante de esta resoluci\u00f3n es que lo que el Tribunal Superior de Justicia del Pa\u00eds Vasco consulta al TJUE es la adecuaci\u00f3n o no de una interpretaci\u00f3n administrativa y jurisprudencial sobre si los empleados del hogar\u00a0deben o no registrar su jornada diaria\u201d. De este modo, si bien la interpretaci\u00f3n nacional se hab\u00eda inclinado por considerar que no estaban obligados a realizar ese registro, la respuesta del TJUE es clara: <strong>la normativa espa\u00f1ola obliga a registrar la jornada diaria de trabajo a los empleados del hogar<\/strong>.<\/p><p>En su opini\u00f3n, \u201cacierta, por tanto, el TJUE cuando sostiene que la interpretaci\u00f3n de los tribunales y de la administraci\u00f3n es contraria a la normativa nacional y, por ende, a la normativa comunitaria sobre tiempo de trabajo, puesto que no existe norma alguna que exima de registrar la jornada ordinaria a este colectivo\u201d.<\/p><p>Esta resoluci\u00f3n supone que <strong>desde el pasado 19 de diciembre de 2024 los empleadores est\u00e1n obligados a garantizar el registro diario de la jornada de sus empleados de hogar <\/strong>puesto que, de no hacerlo, se podr\u00eda defender la existencia de una presunci\u00f3n a favor de la persona trabajadora.<\/p><p>En su tribuna, nuestra compa\u00f1era tambi\u00e9n advierte de la dificultad de la implantaci\u00f3n del registro de jornada en este sector, ya que se trata de una \u201crelaci\u00f3n laboral especial que tiene sus propias particularidades\u201d.<\/p><p><strong>El Gobierno ya ha anunciado su intenci\u00f3n de modificar la normativa<\/strong> para introducir la obligaci\u00f3n expresa del registro de la jornada diaria en este sector.<\/p><p>\u00a0<\/p><ul><li>Si lo desea, puede consultar el contenido \u00edntegro publicado en <strong>Cinco D\u00edas<\/strong> en <span style=\"color: #000000;\"><a style=\"color: #000000;\" href=\"https:\/\/cincodias.elpais.com\/legal\/2025-01-31\/si-hay-obligacion-de-registrar-la-jornada-diaria-del-servicio-domestico.html\" target=\"_blank\" rel=\"noopener\">este enlace<\/a><\/span>.<\/li><\/ul><div class=\"wp-block-group\"><div class=\"wp-block-group\"><div class=\"wp-block-group\"><div class=\"wp-block-group\">\u00a0<\/div><\/div><\/div><\/div>\t\t\t\t\t\t\t\t<\/div>\n\t\t\t\t<\/div>\n\t\t\t\t\t<\/div>\n\t\t\t\t<\/div>\n\t\t<div class=\"elementor-element elementor-element-98f93eb e-flex e-con-boxed e-con e-parent\" data-id=\"98f93eb\" data-element_type=\"container\">\n\t\t\t\t\t<div class=\"e-con-inner\">\n\t\t\t\t\t<\/div>\n\t\t\t\t<\/div>\n\t\t\t\t<\/div>\n\t\t","protected":false},"excerpt":{"rendered":"<p>Cinco D\u00edas | &#8220;S\u00ed, hay obligaci\u00f3n de registrar la jornada diaria del servicio dom\u00e9stico&#8221; \u201cEs indiscutible que hemos vivido un final de a\u00f1o complejo en cuanto a las novedades legislativas y jurisprudenciales en el \u00e1mbito laboral. Y, precisamente por ese aluvi\u00f3n de noticias y titulares, ha pasado desapercibida la sentencia del Tribunal de Justicia de [&hellip;]<\/p>\n","protected":false},"author":3,"featured_media":1226,"comment_status":"open","ping_status":"open","sticky":false,"template":"","format":"standard","meta":{"inline_featured_image":false,"footnotes":""},"categories":[18],"tags":[],"class_list":["post-1208","post","type-post","status-publish","format-standard","has-post-thumbnail","hentry","category-medios"],"yoast_head":"<!-- This site is optimized with the Yoast SEO plugin v24.8.1 - https:\/\/yoast.com\/wordpress\/plugins\/seo\/ -->\n<title>Cinco D\u00edas | &quot;S\u00ed, hay obligaci\u00f3n de registrar la jornada diaria del servicio dom\u00e9stico&quot; - Molt\u00f3 Abogados<\/title>\n<meta name=\"robots\" content=\"index, follow, max-snippet:-1, max-image-preview:large, max-video-preview:-1\" \/>\n<link rel=\"canonical\" href=\"https:\/\/molto-abogados.com\/cinco-dias-obligacion-registrar-jornada-diaria-servicio-domestico\/\" \/>\n<meta property=\"og:locale\" content=\"en_US\" \/>\n<meta property=\"og:type\" content=\"article\" \/>\n<meta property=\"og:title\" content=\"Cinco D\u00edas | &quot;S\u00ed, hay obligaci\u00f3n de registrar la jornada diaria del servicio dom\u00e9stico&quot; - Molt\u00f3 Abogados\" \/>\n<meta property=\"og:description\" content=\"Cinco D\u00edas | &#8220;S\u00ed, hay obligaci\u00f3n de registrar la jornada diaria del servicio dom\u00e9stico&#8221; \u201cEs indiscutible que hemos vivido un final de a\u00f1o complejo en cuanto a las novedades legislativas y jurisprudenciales en el \u00e1mbito laboral. Y, precisamente por ese aluvi\u00f3n de noticias y titulares, ha pasado desapercibida la sentencia del Tribunal de Justicia de [&hellip;]\" \/>\n<meta property=\"og:url\" content=\"https:\/\/molto-abogados.com\/cinco-dias-obligacion-registrar-jornada-diaria-servicio-domestico\/\" \/>\n<meta property=\"og:site_name\" content=\"Molt\u00f3 Abogados\" \/>\n<meta property=\"article:published_time\" content=\"2025-02-03T11:41:26+00:00\" \/>\n<meta property=\"article:modified_time\" content=\"2025-02-03T12:09:55+00:00\" \/>\n<meta property=\"og:image\" content=\"https:\/\/molto-abogados.com\/wp-content\/uploads\/2025\/02\/cinco-dias-servicio-domestico.png\" \/>\n\t<meta property=\"og:image:width\" content=\"812\" \/>\n\t<meta property=\"og:image:height\" content=\"540\" \/>\n\t<meta property=\"og:image:type\" content=\"image\/png\" \/>\n<meta name=\"author\" content=\"Marta P\u00e9rez\" \/>\n<meta name=\"twitter:card\" content=\"summary_large_image\" \/>\n<meta name=\"twitter:label1\" content=\"Written by\" \/>\n\t<meta name=\"twitter:data1\" content=\"Marta P\u00e9rez\" \/>\n\t<meta name=\"twitter:label2\" content=\"Est. reading time\" \/>\n\t<meta name=\"twitter:data2\" content=\"2 minutes\" \/>\n<script type=\"application\/ld+json\" class=\"yoast-schema-graph\">{\"@context\":\"https:\/\/schema.org\",\"@graph\":[{\"@type\":\"Article\",\"@id\":\"https:\/\/molto-abogados.com\/cinco-dias-obligacion-registrar-jornada-diaria-servicio-domestico\/#article\",\"isPartOf\":{\"@id\":\"https:\/\/molto-abogados.com\/cinco-dias-obligacion-registrar-jornada-diaria-servicio-domestico\/\"},\"author\":{\"name\":\"Marta P\u00e9rez\",\"@id\":\"https:\/\/molto-abogados.com\/#\/schema\/person\/f73c39894c18b3390b3888ebd08ba26b\"},\"headline\":\"Cinco D\u00edas | &#8220;S\u00ed, hay obligaci\u00f3n de registrar la jornada diaria del servicio dom\u00e9stico&#8221;\",\"datePublished\":\"2025-02-03T11:41:26+00:00\",\"dateModified\":\"2025-02-03T12:09:55+00:00\",\"mainEntityOfPage\":{\"@id\":\"https:\/\/molto-abogados.com\/cinco-dias-obligacion-registrar-jornada-diaria-servicio-domestico\/\"},\"wordCount\":448,\"commentCount\":0,\"publisher\":{\"@id\":\"https:\/\/molto-abogados.com\/#organization\"},\"image\":{\"@id\":\"https:\/\/molto-abogados.com\/cinco-dias-obligacion-registrar-jornada-diaria-servicio-domestico\/#primaryimage\"},\"thumbnailUrl\":\"https:\/\/molto-abogados.com\/wp-content\/uploads\/2025\/02\/cinco-dias-servicio-domestico.png\",\"articleSection\":[\"Medios\"],\"inLanguage\":\"en-US\",\"potentialAction\":[{\"@type\":\"CommentAction\",\"name\":\"Comment\",\"target\":[\"https:\/\/molto-abogados.com\/cinco-dias-obligacion-registrar-jornada-diaria-servicio-domestico\/#respond\"]}]},{\"@type\":\"WebPage\",\"@id\":\"https:\/\/molto-abogados.com\/cinco-dias-obligacion-registrar-jornada-diaria-servicio-domestico\/\",\"url\":\"https:\/\/molto-abogados.com\/cinco-dias-obligacion-registrar-jornada-diaria-servicio-domestico\/\",\"name\":\"Cinco D\u00edas | \\\"S\u00ed, hay obligaci\u00f3n de registrar la jornada diaria del servicio dom\u00e9stico\\\" - Molt\u00f3 Abogados\",\"isPartOf\":{\"@id\":\"https:\/\/molto-abogados.com\/#website\"},\"primaryImageOfPage\":{\"@id\":\"https:\/\/molto-abogados.com\/cinco-dias-obligacion-registrar-jornada-diaria-servicio-domestico\/#primaryimage\"},\"image\":{\"@id\":\"https:\/\/molto-abogados.com\/cinco-dias-obligacion-registrar-jornada-diaria-servicio-domestico\/#primaryimage\"},\"thumbnailUrl\":\"https:\/\/molto-abogados.com\/wp-content\/uploads\/2025\/02\/cinco-dias-servicio-domestico.png\",\"datePublished\":\"2025-02-03T11:41:26+00:00\",\"dateModified\":\"2025-02-03T12:09:55+00:00\",\"breadcrumb\":{\"@id\":\"https:\/\/molto-abogados.com\/cinco-dias-obligacion-registrar-jornada-diaria-servicio-domestico\/#breadcrumb\"},\"inLanguage\":\"en-US\",\"potentialAction\":[{\"@type\":\"ReadAction\",\"target\":[\"https:\/\/molto-abogados.com\/cinco-dias-obligacion-registrar-jornada-diaria-servicio-domestico\/\"]}]},{\"@type\":\"ImageObject\",\"inLanguage\":\"en-US\",\"@id\":\"https:\/\/molto-abogados.com\/cinco-dias-obligacion-registrar-jornada-diaria-servicio-domestico\/#primaryimage\",\"url\":\"https:\/\/molto-abogados.com\/wp-content\/uploads\/2025\/02\/cinco-dias-servicio-domestico.png\",\"contentUrl\":\"https:\/\/molto-abogados.com\/wp-content\/uploads\/2025\/02\/cinco-dias-servicio-domestico.png\",\"width\":812,\"height\":540},{\"@type\":\"BreadcrumbList\",\"@id\":\"https:\/\/molto-abogados.com\/cinco-dias-obligacion-registrar-jornada-diaria-servicio-domestico\/#breadcrumb\",\"itemListElement\":[{\"@type\":\"ListItem\",\"position\":1,\"name\":\"Portada\",\"item\":\"https:\/\/molto-abogados.com\/en\/\"},{\"@type\":\"ListItem\",\"position\":2,\"name\":\"Cinco D\u00edas | \u00abS\u00ed, hay obligaci\u00f3n de registrar la jornada diaria del servicio dom\u00e9stico\u00bb\"}]},{\"@type\":\"WebSite\",\"@id\":\"https:\/\/molto-abogados.com\/#website\",\"url\":\"https:\/\/molto-abogados.com\/\",\"name\":\"Molt\u00f3 Abogados\",\"description\":\"Boutique Legal\",\"publisher\":{\"@id\":\"https:\/\/molto-abogados.com\/#organization\"},\"potentialAction\":[{\"@type\":\"SearchAction\",\"target\":{\"@type\":\"EntryPoint\",\"urlTemplate\":\"https:\/\/molto-abogados.com\/?s={search_term_string}\"},\"query-input\":{\"@type\":\"PropertyValueSpecification\",\"valueRequired\":true,\"valueName\":\"search_term_string\"}}],\"inLanguage\":\"en-US\"},{\"@type\":\"Organization\",\"@id\":\"https:\/\/molto-abogados.com\/#organization\",\"name\":\"Molt\u00f3 Abogados\",\"url\":\"https:\/\/molto-abogados.com\/\",\"logo\":{\"@type\":\"ImageObject\",\"inLanguage\":\"en-US\",\"@id\":\"https:\/\/molto-abogados.com\/#\/schema\/logo\/image\/\",\"url\":\"https:\/\/molto-abogados.com\/wp-content\/uploads\/2024\/10\/logo.png\",\"contentUrl\":\"https:\/\/molto-abogados.com\/wp-content\/uploads\/2024\/10\/logo.png\",\"width\":4102,\"height\":1019,\"caption\":\"Molt\u00f3 Abogados\"},\"image\":{\"@id\":\"https:\/\/molto-abogados.com\/#\/schema\/logo\/image\/\"}},{\"@type\":\"Person\",\"@id\":\"https:\/\/molto-abogados.com\/#\/schema\/person\/f73c39894c18b3390b3888ebd08ba26b\",\"name\":\"Marta P\u00e9rez\",\"image\":{\"@type\":\"ImageObject\",\"inLanguage\":\"en-US\",\"@id\":\"https:\/\/molto-abogados.com\/#\/schema\/person\/image\/\",\"url\":\"https:\/\/secure.gravatar.com\/avatar\/ffdd1d1f61005ea93b4213cf8b44dc2f?s=96&d=mm&r=g\",\"contentUrl\":\"https:\/\/secure.gravatar.com\/avatar\/ffdd1d1f61005ea93b4213cf8b44dc2f?s=96&d=mm&r=g\",\"caption\":\"Marta P\u00e9rez\"},\"url\":\"https:\/\/molto-abogados.com\/en\/author\/marta-perez\/\"}]}<\/script>\n<!-- \/ Yoast SEO plugin. -->","yoast_head_json":{"title":"Cinco D\u00edas | \"S\u00ed, hay obligaci\u00f3n de registrar la jornada diaria del servicio dom\u00e9stico\" - Molt\u00f3 Abogados","robots":{"index":"index","follow":"follow","max-snippet":"max-snippet:-1","max-image-preview":"max-image-preview:large","max-video-preview":"max-video-preview:-1"},"canonical":"https:\/\/molto-abogados.com\/cinco-dias-obligacion-registrar-jornada-diaria-servicio-domestico\/","og_locale":"en_US","og_type":"article","og_title":"Cinco D\u00edas | \"S\u00ed, hay obligaci\u00f3n de registrar la jornada diaria del servicio dom\u00e9stico\" - Molt\u00f3 Abogados","og_description":"Cinco D\u00edas | &#8220;S\u00ed, hay obligaci\u00f3n de registrar la jornada diaria del servicio dom\u00e9stico&#8221; \u201cEs indiscutible que hemos vivido un final de a\u00f1o complejo en cuanto a las novedades legislativas y jurisprudenciales en el \u00e1mbito laboral. Y, precisamente por ese aluvi\u00f3n de noticias y titulares, ha pasado desapercibida la sentencia del Tribunal de Justicia de [&hellip;]","og_url":"https:\/\/molto-abogados.com\/cinco-dias-obligacion-registrar-jornada-diaria-servicio-domestico\/","og_site_name":"Molt\u00f3 Abogados","article_published_time":"2025-02-03T11:41:26+00:00","article_modified_time":"2025-02-03T12:09:55+00:00","og_image":[{"width":812,"height":540,"url":"https:\/\/molto-abogados.com\/wp-content\/uploads\/2025\/02\/cinco-dias-servicio-domestico.png","type":"image\/png"}],"author":"Marta P\u00e9rez","twitter_card":"summary_large_image","twitter_misc":{"Written by":"Marta P\u00e9rez","Est. reading time":"2 minutes"},"schema":{"@context":"https:\/\/schema.org","@graph":[{"@type":"Article","@id":"https:\/\/molto-abogados.com\/cinco-dias-obligacion-registrar-jornada-diaria-servicio-domestico\/#article","isPartOf":{"@id":"https:\/\/molto-abogados.com\/cinco-dias-obligacion-registrar-jornada-diaria-servicio-domestico\/"},"author":{"name":"Marta P\u00e9rez","@id":"https:\/\/molto-abogados.com\/#\/schema\/person\/f73c39894c18b3390b3888ebd08ba26b"},"headline":"Cinco D\u00edas | &#8220;S\u00ed, hay obligaci\u00f3n de registrar la jornada diaria del servicio dom\u00e9stico&#8221;","datePublished":"2025-02-03T11:41:26+00:00","dateModified":"2025-02-03T12:09:55+00:00","mainEntityOfPage":{"@id":"https:\/\/molto-abogados.com\/cinco-dias-obligacion-registrar-jornada-diaria-servicio-domestico\/"},"wordCount":448,"commentCount":0,"publisher":{"@id":"https:\/\/molto-abogados.com\/#organization"},"image":{"@id":"https:\/\/molto-abogados.com\/cinco-dias-obligacion-registrar-jornada-diaria-servicio-domestico\/#primaryimage"},"thumbnailUrl":"https:\/\/molto-abogados.com\/wp-content\/uploads\/2025\/02\/cinco-dias-servicio-domestico.png","articleSection":["Medios"],"inLanguage":"en-US","potentialAction":[{"@type":"CommentAction","name":"Comment","target":["https:\/\/molto-abogados.com\/cinco-dias-obligacion-registrar-jornada-diaria-servicio-domestico\/#respond"]}]},{"@type":"WebPage","@id":"https:\/\/molto-abogados.com\/cinco-dias-obligacion-registrar-jornada-diaria-servicio-domestico\/","url":"https:\/\/molto-abogados.com\/cinco-dias-obligacion-registrar-jornada-diaria-servicio-domestico\/","name":"Cinco D\u00edas | \"S\u00ed, hay obligaci\u00f3n de registrar la jornada diaria del servicio dom\u00e9stico\" - Molt\u00f3 Abogados","isPartOf":{"@id":"https:\/\/molto-abogados.com\/#website"},"primaryImageOfPage":{"@id":"https:\/\/molto-abogados.com\/cinco-dias-obligacion-registrar-jornada-diaria-servicio-domestico\/#primaryimage"},"image":{"@id":"https:\/\/molto-abogados.com\/cinco-dias-obligacion-registrar-jornada-diaria-servicio-domestico\/#primaryimage"},"thumbnailUrl":"https:\/\/molto-abogados.com\/wp-content\/uploads\/2025\/02\/cinco-dias-servicio-domestico.png","datePublished":"2025-02-03T11:41:26+00:00","dateModified":"2025-02-03T12:09:55+00:00","breadcrumb":{"@id":"https:\/\/molto-abogados.com\/cinco-dias-obligacion-registrar-jornada-diaria-servicio-domestico\/#breadcrumb"},"inLanguage":"en-US","potentialAction":[{"@type":"ReadAction","target":["https:\/\/molto-abogados.com\/cinco-dias-obligacion-registrar-jornada-diaria-servicio-domestico\/"]}]},{"@type":"ImageObject","inLanguage":"en-US","@id":"https:\/\/molto-abogados.com\/cinco-dias-obligacion-registrar-jornada-diaria-servicio-domestico\/#primaryimage","url":"https:\/\/molto-abogados.com\/wp-content\/uploads\/2025\/02\/cinco-dias-servicio-domestico.png","contentUrl":"https:\/\/molto-abogados.com\/wp-content\/uploads\/2025\/02\/cinco-dias-servicio-domestico.png","width":812,"height":540},{"@type":"BreadcrumbList","@id":"https:\/\/molto-abogados.com\/cinco-dias-obligacion-registrar-jornada-diaria-servicio-domestico\/#breadcrumb","itemListElement":[{"@type":"ListItem","position":1,"name":"Portada","item":"https:\/\/molto-abogados.com\/en\/"},{"@type":"ListItem","position":2,"name":"Cinco D\u00edas | \u00abS\u00ed, hay obligaci\u00f3n de registrar la jornada diaria del servicio dom\u00e9stico\u00bb"}]},{"@type":"WebSite","@id":"https:\/\/molto-abogados.com\/#website","url":"https:\/\/molto-abogados.com\/","name":"Molt\u00f3 Abogados","description":"Boutique Legal","publisher":{"@id":"https:\/\/molto-abogados.com\/#organization"},"potentialAction":[{"@type":"SearchAction","target":{"@type":"EntryPoint","urlTemplate":"https:\/\/molto-abogados.com\/?s={search_term_string}"},"query-input":{"@type":"PropertyValueSpecification","valueRequired":true,"valueName":"search_term_string"}}],"inLanguage":"en-US"},{"@type":"Organization","@id":"https:\/\/molto-abogados.com\/#organization","name":"Molt\u00f3 Abogados","url":"https:\/\/molto-abogados.com\/","logo":{"@type":"ImageObject","inLanguage":"en-US","@id":"https:\/\/molto-abogados.com\/#\/schema\/logo\/image\/","url":"https:\/\/molto-abogados.com\/wp-content\/uploads\/2024\/10\/logo.png","contentUrl":"https:\/\/molto-abogados.com\/wp-content\/uploads\/2024\/10\/logo.png","width":4102,"height":1019,"caption":"Molt\u00f3 Abogados"},"image":{"@id":"https:\/\/molto-abogados.com\/#\/schema\/logo\/image\/"}},{"@type":"Person","@id":"https:\/\/molto-abogados.com\/#\/schema\/person\/f73c39894c18b3390b3888ebd08ba26b","name":"Marta P\u00e9rez","image":{"@type":"ImageObject","inLanguage":"en-US","@id":"https:\/\/molto-abogados.com\/#\/schema\/person\/image\/","url":"https:\/\/secure.gravatar.com\/avatar\/ffdd1d1f61005ea93b4213cf8b44dc2f?s=96&d=mm&r=g","contentUrl":"https:\/\/secure.gravatar.com\/avatar\/ffdd1d1f61005ea93b4213cf8b44dc2f?s=96&d=mm&r=g","caption":"Marta P\u00e9rez"},"url":"https:\/\/molto-abogados.com\/en\/author\/marta-perez\/"}]}},"_links":{"self":[{"href":"https:\/\/molto-abogados.com\/en\/wp-json\/wp\/v2\/posts\/1208","targetHints":{"allow":["GET"]}}],"collection":[{"href":"https:\/\/molto-abogados.com\/en\/wp-json\/wp\/v2\/posts"}],"about":[{"href":"https:\/\/molto-abogados.com\/en\/wp-json\/wp\/v2\/types\/post"}],"author":[{"embeddable":true,"href":"https:\/\/molto-abogados.com\/en\/wp-json\/wp\/v2\/users\/3"}],"replies":[{"embeddable":true,"href":"https:\/\/molto-abogados.com\/en\/wp-json\/wp\/v2\/comments?post=1208"}],"version-history":[{"count":8,"href":"https:\/\/molto-abogados.com\/en\/wp-json\/wp\/v2\/posts\/1208\/revisions"}],"predecessor-version":[{"id":1235,"href":"https:\/\/molto-abogados.com\/en\/wp-json\/wp\/v2\/posts\/1208\/revisions\/1235"}],"wp:featuredmedia":[{"embeddable":true,"href":"https:\/\/molto-abogados.com\/en\/wp-json\/wp\/v2\/media\/1226"}],"wp:attachment":[{"href":"https:\/\/molto-abogados.com\/en\/wp-json\/wp\/v2\/media?parent=1208"}],"wp:term":[{"taxonomy":"category","embeddable":true,"href":"https:\/\/molto-abogados.com\/en\/wp-json\/wp\/v2\/categories?post=1208"},{"taxonomy":"post_tag","embeddable":true,"href":"https:\/\/molto-abogados.com\/en\/wp-json\/wp\/v2\/tags?post=1208"}],"curies":[{"name":"wp","href":"https:\/\/api.w.org\/{rel}","templated":true}]}}