{"id":1452,"date":"2025-03-28T08:54:26","date_gmt":"2025-03-28T08:54:26","guid":{"rendered":"https:\/\/molto-abogados.com\/?p=1452"},"modified":"2025-03-28T11:18:12","modified_gmt":"2025-03-28T11:18:12","slug":"la-nulidad-del-despido-por-razon-de-embarazo-alegada-en-demanda-y-no-en-el-acto-de-conciliacion-en-el-smac-es-posible","status":"publish","type":"post","link":"https:\/\/molto-abogados.com\/en\/la-nulidad-del-despido-por-razon-de-embarazo-alegada-en-demanda-y-no-en-el-acto-de-conciliacion-en-el-smac-es-posible\/","title":{"rendered":"La nulidad del despido por raz\u00f3n de embarazo alegada en demanda y no en el acto de conciliaci\u00f3n en el SMAC: \u00bfes posible?"},"content":{"rendered":"\t\t<div data-elementor-type=\"wp-post\" data-elementor-id=\"1452\" class=\"elementor elementor-1452\" data-elementor-post-type=\"post\">\n\t\t\t\t<div class=\"elementor-element elementor-element-bb2015d e-flex e-con-boxed e-con e-parent\" data-id=\"bb2015d\" data-element_type=\"container\">\n\t\t\t\t\t<div class=\"e-con-inner\">\n\t\t\t\t<div class=\"elementor-element elementor-element-5a713a8e elementor-widget elementor-widget-text-editor\" data-id=\"5a713a8e\" data-element_type=\"widget\" data-widget_type=\"text-editor.default\">\n\t\t\t\t<div class=\"elementor-widget-container\">\n\t\t\t\t\t\t\t\t\t<h1>La nulidad del despido por raz\u00f3n de embarazo alegada en demanda y no en el acto de conciliaci\u00f3n en el SMAC: \u00bfes posible?<\/h1>\n<p>En nuestra norma procesal laboral, con la finalidad de evitar situaciones generadoras de indefensi\u00f3n a las partes (primordialmente, y en el caso que nos ocupa, a la parte demandada -empresa-), se proh\u00edbe expresamente la variaci\u00f3n sustancial de la demanda en el acto del juicio: \u201c<em>el demandante ratificar\u00e1 o ampliar\u00e1 su demanda, aunque en ning\u00fan caso podr\u00e1 hacer en ella variaci\u00f3n sustancial\u201d. <\/em>(Art\u00edculo 85 <em>in fine<\/em> LRJS).<\/p>\n<p>A su vez, el art\u00edculo 80.1c) LRJS establece que: \u201c<em>En ning\u00fan caso podr\u00e1n alegarse hechos distintos de los aducidos en conciliaci\u00f3n o mediaci\u00f3n ni introducirse respecto de la v\u00eda administrativa previa variaciones sustanciales [\u2026] salvo los hechos nuevos o que no hubieran podido conocerse con anterioridad\u201d. <\/em><\/p>\n<p>La <strong>exigencia legal que proscribe la variaci\u00f3n sustancial de hechos<\/strong> se puede justificar desde una doble perspectiva:<\/p>\n<ul>\n<li><strong>Evitar que se altere el objeto del debate<\/strong>: de ah\u00ed, la prohibici\u00f3n de alegar en la demanda hechos distintos de los aducidos en conciliaci\u00f3n o mediaci\u00f3n. La complejidad de esta primera derivada radica en interpretar, en cada caso, si la parte que alega hechos distintos en demanda pudo o no conocerlos, al momento de interponer la papeleta de conciliaci\u00f3n.<\/li>\n<li><strong>Evitar la indefensi\u00f3n de la parte demandada<\/strong>: prohibiendo que en el acto del juicio puedan introducirse variaciones sustanciales de la demanda.<\/li>\n<\/ul>\n<p>Sobre la base de esas premisas, recientemente, la Sala de lo Social del Tribunal Supremo, ha emprendido un giro doctrinal en su <strong>STS de 23\/01\/2025, [Rec. 5375\/2023]<\/strong>, realizando una interpretaci\u00f3n menos exigente (o \u201c<em>rigorista<\/em>\u201d, en palabras del propio Tribunal) de la prohibici\u00f3n contenida en el art. 80.1.c) LRJS, rectificando su doctrina anterior.<\/p>\n<p>Entiende la Sala que, en tanto se cumplan las siguientes finalidades, a saber: <strong>(i)<\/strong> posibilitar la conciliaci\u00f3n en sentido material (esto es, que las partes puedan debatir y convenir sobre el objeto del litigio) y <strong>(ii)<\/strong> permitir el ejercicio del derecho de defensa de la parte demandada (evitar la indefensi\u00f3n), no resultar\u00eda exigible una correspondencia exacta entre los hechos de la papeleta y los de la demanda. Concluyendo que, \u00fanicamente, debe exigirse una equivalencia total entre tales hechos en supuestos excepcionales, en los que:<\/p>\n<ul>\n<li>La falta de correspondencia de los hechos implique una imposibilidad de celebrar el acto de conciliaci\u00f3n sobre el litigio; o bien,<\/li>\n<li>se afecte al derecho de defensa plena de la parte demandada, vulner\u00e1ndose el derecho a la tutela judicial efectiva.<\/li>\n<\/ul>\n<p>Tal criterio flexibilizador tiene su eco en la reciente <strong>STS de 04\/02\/2025, [Rec. 4982\/2023]. <\/strong>&nbsp;En la misma se planteaba si el despido de una trabajadora embarazada en el momento de la presentaci\u00f3n de la papeleta de conciliaci\u00f3n deb\u00eda ser declarado nulo, como \u00e9sta postul\u00f3 por primera vez en demanda o, por el contrario, improcedente, como hab\u00eda solicitado en la papeleta de conciliaci\u00f3n; y fue declarado en la sentencia de instancia, con confirmaci\u00f3n posterior por el TSJ de Madrid.<\/p>\n<p>El Tribunal Supremo, por el contrario, declara la nulidad del despido por raz\u00f3n de embarazo. Razona que \u201c<strong><em>el hecho de no haber aludido en la papeleta de conciliaci\u00f3n al embarazo de la mujer\u201d no puede <\/em>vedar la posibilidad a la trabajadora de alegarlo en el escrito de demanda<\/strong> (o, incluso, en una ampliaci\u00f3n posterior de la misma), cuando, como entiende que sucede en el caso planteado, no se ha perjudicado la posibilidad de conciliaci\u00f3n y no se ha causado indefensi\u00f3n a la demandada. Considerar lo contrario, seg\u00fan el Alto Tribunal, supondr\u00eda una interpretaci\u00f3n rigorista de la norma, que \u201c<strong><em>implicar\u00eda desatender&nbsp;(\u2026) el derecho fundamental de la mujer a no ser discriminada en atenci\u00f3n a su propia condici\u00f3n de mujer\u201d. <\/em><\/strong><\/p>\n<p>En el caso debatido, constaba que la empresa no compareci\u00f3 al acto de conciliaci\u00f3n pese a estar debidamente citada y que pudo conocer la situaci\u00f3n de embarazo de la trabajadora a partir de los hechos expuestos en el escrito de demanda, compareciendo (varios meses despu\u00e9s) al acto de juicio, con los medios de prueba que estimase oportunos en su defensa.<\/p>\n<p>En suma, se cumplieron en el supuesto las dos finalidades enunciadas en p\u00e1rrafos anteriores, aunque, el Tribunal Supremo no aclara si ambas deben concurrir de forma alternativa o cumulativa. Tambi\u00e9n, merece destacarse que la empresa opt\u00f3 por no comparecer al acto de conciliaci\u00f3n, por lo que se desconoce tambi\u00e9n cu\u00e1l hubiese sido el parecer de la Sala, de haber acontecido dicha comparecencia.<\/p>\n<p>Sin duda, se trata de un pronunciamiento de indudable trascendencia en supuestos en los que no se hubiera articulado la pretensi\u00f3n de nulidad del despido en fase de conciliaci\u00f3n administrativa previa (por ejemplo, por desconocimiento de la especial protecci\u00f3n dispensada por la normativa laboral a las mujeres embarazadas), y que podr\u00eda llegar a avalar la posibilidad de alegar dicha pretensi\u00f3n de nulidad, en el escrito de demanda posterior.<\/p>\n<p style=\"text-align: right;\"><strong>Alberto V\u00e1zquez<\/strong><br><strong>Asociado Senior de Molt\u00f3 Abogados<\/strong><\/p>\t\t\t\t\t\t\t\t<\/div>\n\t\t\t\t<\/div>\n\t\t\t\t\t<\/div>\n\t\t\t\t<\/div>\n\t\t\t\t<\/div>\n\t\t","protected":false},"excerpt":{"rendered":"<p>La nulidad del despido por raz\u00f3n de embarazo alegada en demanda y no en el acto de conciliaci\u00f3n en el SMAC: \u00bfes posible? En nuestra norma procesal laboral, con la finalidad de evitar situaciones generadoras de indefensi\u00f3n a las partes (primordialmente, y en el caso que nos ocupa, a la parte demandada -empresa-), se proh\u00edbe [&hellip;]<\/p>\n","protected":false},"author":3,"featured_media":1453,"comment_status":"open","ping_status":"open","sticky":false,"template":"","format":"standard","meta":{"inline_featured_image":false,"footnotes":""},"categories":[20],"tags":[],"class_list":["post-1452","post","type-post","status-publish","format-standard","has-post-thumbnail","hentry","category-blog"],"yoast_head":"<!-- This site is optimized with the Yoast SEO plugin v24.8.1 - https:\/\/yoast.com\/wordpress\/plugins\/seo\/ -->\n<title>La nulidad del despido por raz\u00f3n de embarazo alegada en demanda y no en el acto de conciliaci\u00f3n en el SMAC: \u00bfes posible? - Molt\u00f3 Abogados<\/title>\n<meta name=\"robots\" content=\"index, follow, max-snippet:-1, max-image-preview:large, max-video-preview:-1\" \/>\n<link rel=\"canonical\" href=\"https:\/\/molto-abogados.com\/en\/la-nulidad-del-despido-por-razon-de-embarazo-alegada-en-demanda-y-no-en-el-acto-de-conciliacion-en-el-smac-es-posible\/\" \/>\n<meta property=\"og:locale\" content=\"en_US\" \/>\n<meta property=\"og:type\" content=\"article\" \/>\n<meta property=\"og:title\" content=\"La nulidad del despido por raz\u00f3n de embarazo alegada en demanda y no en el acto de conciliaci\u00f3n en el SMAC: \u00bfes posible? - Molt\u00f3 Abogados\" \/>\n<meta property=\"og:description\" content=\"La nulidad del despido por raz\u00f3n de embarazo alegada en demanda y no en el acto de conciliaci\u00f3n en el SMAC: \u00bfes posible? En nuestra norma procesal laboral, con la finalidad de evitar situaciones generadoras de indefensi\u00f3n a las partes (primordialmente, y en el caso que nos ocupa, a la parte demandada -empresa-), se proh\u00edbe [&hellip;]\" \/>\n<meta property=\"og:url\" content=\"https:\/\/molto-abogados.com\/en\/la-nulidad-del-despido-por-razon-de-embarazo-alegada-en-demanda-y-no-en-el-acto-de-conciliacion-en-el-smac-es-posible\/\" \/>\n<meta property=\"og:site_name\" content=\"Molt\u00f3 Abogados\" \/>\n<meta property=\"article:published_time\" content=\"2025-03-28T08:54:26+00:00\" \/>\n<meta property=\"article:modified_time\" content=\"2025-03-28T11:18:12+00:00\" \/>\n<meta property=\"og:image\" content=\"https:\/\/molto-abogados.com\/wp-content\/uploads\/2025\/03\/Tribunal-Supremo-Sentencia.jpg\" \/>\n\t<meta property=\"og:image:width\" content=\"1280\" \/>\n\t<meta property=\"og:image:height\" content=\"853\" \/>\n\t<meta property=\"og:image:type\" content=\"image\/jpeg\" \/>\n<meta name=\"author\" content=\"Marta P\u00e9rez\" \/>\n<meta name=\"twitter:card\" content=\"summary_large_image\" \/>\n<meta name=\"twitter:label1\" content=\"Written by\" \/>\n\t<meta name=\"twitter:data1\" content=\"Marta P\u00e9rez\" \/>\n\t<meta name=\"twitter:label2\" content=\"Est. reading time\" \/>\n\t<meta name=\"twitter:data2\" content=\"4 minutes\" \/>\n<script type=\"application\/ld+json\" class=\"yoast-schema-graph\">{\"@context\":\"https:\/\/schema.org\",\"@graph\":[{\"@type\":\"Article\",\"@id\":\"https:\/\/molto-abogados.com\/en\/la-nulidad-del-despido-por-razon-de-embarazo-alegada-en-demanda-y-no-en-el-acto-de-conciliacion-en-el-smac-es-posible\/#article\",\"isPartOf\":{\"@id\":\"https:\/\/molto-abogados.com\/en\/la-nulidad-del-despido-por-razon-de-embarazo-alegada-en-demanda-y-no-en-el-acto-de-conciliacion-en-el-smac-es-posible\/\"},\"author\":{\"name\":\"Marta P\u00e9rez\",\"@id\":\"https:\/\/molto-abogados.com\/#\/schema\/person\/f73c39894c18b3390b3888ebd08ba26b\"},\"headline\":\"La nulidad del despido por raz\u00f3n de embarazo alegada en demanda y no en el acto de conciliaci\u00f3n en el SMAC: \u00bfes posible?\",\"datePublished\":\"2025-03-28T08:54:26+00:00\",\"dateModified\":\"2025-03-28T11:18:12+00:00\",\"mainEntityOfPage\":{\"@id\":\"https:\/\/molto-abogados.com\/en\/la-nulidad-del-despido-por-razon-de-embarazo-alegada-en-demanda-y-no-en-el-acto-de-conciliacion-en-el-smac-es-posible\/\"},\"wordCount\":880,\"commentCount\":0,\"publisher\":{\"@id\":\"https:\/\/molto-abogados.com\/#organization\"},\"image\":{\"@id\":\"https:\/\/molto-abogados.com\/en\/la-nulidad-del-despido-por-razon-de-embarazo-alegada-en-demanda-y-no-en-el-acto-de-conciliacion-en-el-smac-es-posible\/#primaryimage\"},\"thumbnailUrl\":\"https:\/\/molto-abogados.com\/wp-content\/uploads\/2025\/03\/Tribunal-Supremo-Sentencia.jpg\",\"articleSection\":[\"Blog\"],\"inLanguage\":\"en-US\",\"potentialAction\":[{\"@type\":\"CommentAction\",\"name\":\"Comment\",\"target\":[\"https:\/\/molto-abogados.com\/en\/la-nulidad-del-despido-por-razon-de-embarazo-alegada-en-demanda-y-no-en-el-acto-de-conciliacion-en-el-smac-es-posible\/#respond\"]}]},{\"@type\":\"WebPage\",\"@id\":\"https:\/\/molto-abogados.com\/en\/la-nulidad-del-despido-por-razon-de-embarazo-alegada-en-demanda-y-no-en-el-acto-de-conciliacion-en-el-smac-es-posible\/\",\"url\":\"https:\/\/molto-abogados.com\/en\/la-nulidad-del-despido-por-razon-de-embarazo-alegada-en-demanda-y-no-en-el-acto-de-conciliacion-en-el-smac-es-posible\/\",\"name\":\"La nulidad del despido por raz\u00f3n de embarazo alegada en demanda y no en el acto de conciliaci\u00f3n en el SMAC: \u00bfes posible? - Molt\u00f3 Abogados\",\"isPartOf\":{\"@id\":\"https:\/\/molto-abogados.com\/#website\"},\"primaryImageOfPage\":{\"@id\":\"https:\/\/molto-abogados.com\/en\/la-nulidad-del-despido-por-razon-de-embarazo-alegada-en-demanda-y-no-en-el-acto-de-conciliacion-en-el-smac-es-posible\/#primaryimage\"},\"image\":{\"@id\":\"https:\/\/molto-abogados.com\/en\/la-nulidad-del-despido-por-razon-de-embarazo-alegada-en-demanda-y-no-en-el-acto-de-conciliacion-en-el-smac-es-posible\/#primaryimage\"},\"thumbnailUrl\":\"https:\/\/molto-abogados.com\/wp-content\/uploads\/2025\/03\/Tribunal-Supremo-Sentencia.jpg\",\"datePublished\":\"2025-03-28T08:54:26+00:00\",\"dateModified\":\"2025-03-28T11:18:12+00:00\",\"breadcrumb\":{\"@id\":\"https:\/\/molto-abogados.com\/en\/la-nulidad-del-despido-por-razon-de-embarazo-alegada-en-demanda-y-no-en-el-acto-de-conciliacion-en-el-smac-es-posible\/#breadcrumb\"},\"inLanguage\":\"en-US\",\"potentialAction\":[{\"@type\":\"ReadAction\",\"target\":[\"https:\/\/molto-abogados.com\/en\/la-nulidad-del-despido-por-razon-de-embarazo-alegada-en-demanda-y-no-en-el-acto-de-conciliacion-en-el-smac-es-posible\/\"]}]},{\"@type\":\"ImageObject\",\"inLanguage\":\"en-US\",\"@id\":\"https:\/\/molto-abogados.com\/en\/la-nulidad-del-despido-por-razon-de-embarazo-alegada-en-demanda-y-no-en-el-acto-de-conciliacion-en-el-smac-es-posible\/#primaryimage\",\"url\":\"https:\/\/molto-abogados.com\/wp-content\/uploads\/2025\/03\/Tribunal-Supremo-Sentencia.jpg\",\"contentUrl\":\"https:\/\/molto-abogados.com\/wp-content\/uploads\/2025\/03\/Tribunal-Supremo-Sentencia.jpg\",\"width\":1280,\"height\":853,\"caption\":\"La nulidad del despido por raz\u00f3n de embarazo alegada en demanda y no en el acto de conciliaci\u00f3n en el SMAC: \u00bfes posible?\"},{\"@type\":\"BreadcrumbList\",\"@id\":\"https:\/\/molto-abogados.com\/en\/la-nulidad-del-despido-por-razon-de-embarazo-alegada-en-demanda-y-no-en-el-acto-de-conciliacion-en-el-smac-es-posible\/#breadcrumb\",\"itemListElement\":[{\"@type\":\"ListItem\",\"position\":1,\"name\":\"Portada\",\"item\":\"https:\/\/molto-abogados.com\/en\/\"},{\"@type\":\"ListItem\",\"position\":2,\"name\":\"La nulidad del despido por raz\u00f3n de embarazo alegada en demanda y no en el acto de conciliaci\u00f3n en el SMAC: \u00bfes posible?\"}]},{\"@type\":\"WebSite\",\"@id\":\"https:\/\/molto-abogados.com\/#website\",\"url\":\"https:\/\/molto-abogados.com\/\",\"name\":\"Molt\u00f3 Abogados\",\"description\":\"Boutique Legal\",\"publisher\":{\"@id\":\"https:\/\/molto-abogados.com\/#organization\"},\"potentialAction\":[{\"@type\":\"SearchAction\",\"target\":{\"@type\":\"EntryPoint\",\"urlTemplate\":\"https:\/\/molto-abogados.com\/?s={search_term_string}\"},\"query-input\":{\"@type\":\"PropertyValueSpecification\",\"valueRequired\":true,\"valueName\":\"search_term_string\"}}],\"inLanguage\":\"en-US\"},{\"@type\":\"Organization\",\"@id\":\"https:\/\/molto-abogados.com\/#organization\",\"name\":\"Molt\u00f3 Abogados\",\"url\":\"https:\/\/molto-abogados.com\/\",\"logo\":{\"@type\":\"ImageObject\",\"inLanguage\":\"en-US\",\"@id\":\"https:\/\/molto-abogados.com\/#\/schema\/logo\/image\/\",\"url\":\"https:\/\/molto-abogados.com\/wp-content\/uploads\/2024\/10\/logo.png\",\"contentUrl\":\"https:\/\/molto-abogados.com\/wp-content\/uploads\/2024\/10\/logo.png\",\"width\":4102,\"height\":1019,\"caption\":\"Molt\u00f3 Abogados\"},\"image\":{\"@id\":\"https:\/\/molto-abogados.com\/#\/schema\/logo\/image\/\"}},{\"@type\":\"Person\",\"@id\":\"https:\/\/molto-abogados.com\/#\/schema\/person\/f73c39894c18b3390b3888ebd08ba26b\",\"name\":\"Marta P\u00e9rez\",\"image\":{\"@type\":\"ImageObject\",\"inLanguage\":\"en-US\",\"@id\":\"https:\/\/molto-abogados.com\/#\/schema\/person\/image\/\",\"url\":\"https:\/\/secure.gravatar.com\/avatar\/ffdd1d1f61005ea93b4213cf8b44dc2f?s=96&d=mm&r=g\",\"contentUrl\":\"https:\/\/secure.gravatar.com\/avatar\/ffdd1d1f61005ea93b4213cf8b44dc2f?s=96&d=mm&r=g\",\"caption\":\"Marta P\u00e9rez\"},\"url\":\"https:\/\/molto-abogados.com\/en\/author\/marta-perez\/\"}]}<\/script>\n<!-- \/ Yoast SEO plugin. -->","yoast_head_json":{"title":"La nulidad del despido por raz\u00f3n de embarazo alegada en demanda y no en el acto de conciliaci\u00f3n en el SMAC: \u00bfes posible? - Molt\u00f3 Abogados","robots":{"index":"index","follow":"follow","max-snippet":"max-snippet:-1","max-image-preview":"max-image-preview:large","max-video-preview":"max-video-preview:-1"},"canonical":"https:\/\/molto-abogados.com\/en\/la-nulidad-del-despido-por-razon-de-embarazo-alegada-en-demanda-y-no-en-el-acto-de-conciliacion-en-el-smac-es-posible\/","og_locale":"en_US","og_type":"article","og_title":"La nulidad del despido por raz\u00f3n de embarazo alegada en demanda y no en el acto de conciliaci\u00f3n en el SMAC: \u00bfes posible? - Molt\u00f3 Abogados","og_description":"La nulidad del despido por raz\u00f3n de embarazo alegada en demanda y no en el acto de conciliaci\u00f3n en el SMAC: \u00bfes posible? En nuestra norma procesal laboral, con la finalidad de evitar situaciones generadoras de indefensi\u00f3n a las partes (primordialmente, y en el caso que nos ocupa, a la parte demandada -empresa-), se proh\u00edbe [&hellip;]","og_url":"https:\/\/molto-abogados.com\/en\/la-nulidad-del-despido-por-razon-de-embarazo-alegada-en-demanda-y-no-en-el-acto-de-conciliacion-en-el-smac-es-posible\/","og_site_name":"Molt\u00f3 Abogados","article_published_time":"2025-03-28T08:54:26+00:00","article_modified_time":"2025-03-28T11:18:12+00:00","og_image":[{"width":1280,"height":853,"url":"https:\/\/molto-abogados.com\/wp-content\/uploads\/2025\/03\/Tribunal-Supremo-Sentencia.jpg","type":"image\/jpeg"}],"author":"Marta P\u00e9rez","twitter_card":"summary_large_image","twitter_misc":{"Written by":"Marta P\u00e9rez","Est. reading time":"4 minutes"},"schema":{"@context":"https:\/\/schema.org","@graph":[{"@type":"Article","@id":"https:\/\/molto-abogados.com\/en\/la-nulidad-del-despido-por-razon-de-embarazo-alegada-en-demanda-y-no-en-el-acto-de-conciliacion-en-el-smac-es-posible\/#article","isPartOf":{"@id":"https:\/\/molto-abogados.com\/en\/la-nulidad-del-despido-por-razon-de-embarazo-alegada-en-demanda-y-no-en-el-acto-de-conciliacion-en-el-smac-es-posible\/"},"author":{"name":"Marta P\u00e9rez","@id":"https:\/\/molto-abogados.com\/#\/schema\/person\/f73c39894c18b3390b3888ebd08ba26b"},"headline":"La nulidad del despido por raz\u00f3n de embarazo alegada en demanda y no en el acto de conciliaci\u00f3n en el SMAC: \u00bfes posible?","datePublished":"2025-03-28T08:54:26+00:00","dateModified":"2025-03-28T11:18:12+00:00","mainEntityOfPage":{"@id":"https:\/\/molto-abogados.com\/en\/la-nulidad-del-despido-por-razon-de-embarazo-alegada-en-demanda-y-no-en-el-acto-de-conciliacion-en-el-smac-es-posible\/"},"wordCount":880,"commentCount":0,"publisher":{"@id":"https:\/\/molto-abogados.com\/#organization"},"image":{"@id":"https:\/\/molto-abogados.com\/en\/la-nulidad-del-despido-por-razon-de-embarazo-alegada-en-demanda-y-no-en-el-acto-de-conciliacion-en-el-smac-es-posible\/#primaryimage"},"thumbnailUrl":"https:\/\/molto-abogados.com\/wp-content\/uploads\/2025\/03\/Tribunal-Supremo-Sentencia.jpg","articleSection":["Blog"],"inLanguage":"en-US","potentialAction":[{"@type":"CommentAction","name":"Comment","target":["https:\/\/molto-abogados.com\/en\/la-nulidad-del-despido-por-razon-de-embarazo-alegada-en-demanda-y-no-en-el-acto-de-conciliacion-en-el-smac-es-posible\/#respond"]}]},{"@type":"WebPage","@id":"https:\/\/molto-abogados.com\/en\/la-nulidad-del-despido-por-razon-de-embarazo-alegada-en-demanda-y-no-en-el-acto-de-conciliacion-en-el-smac-es-posible\/","url":"https:\/\/molto-abogados.com\/en\/la-nulidad-del-despido-por-razon-de-embarazo-alegada-en-demanda-y-no-en-el-acto-de-conciliacion-en-el-smac-es-posible\/","name":"La nulidad del despido por raz\u00f3n de embarazo alegada en demanda y no en el acto de conciliaci\u00f3n en el SMAC: \u00bfes posible? - Molt\u00f3 Abogados","isPartOf":{"@id":"https:\/\/molto-abogados.com\/#website"},"primaryImageOfPage":{"@id":"https:\/\/molto-abogados.com\/en\/la-nulidad-del-despido-por-razon-de-embarazo-alegada-en-demanda-y-no-en-el-acto-de-conciliacion-en-el-smac-es-posible\/#primaryimage"},"image":{"@id":"https:\/\/molto-abogados.com\/en\/la-nulidad-del-despido-por-razon-de-embarazo-alegada-en-demanda-y-no-en-el-acto-de-conciliacion-en-el-smac-es-posible\/#primaryimage"},"thumbnailUrl":"https:\/\/molto-abogados.com\/wp-content\/uploads\/2025\/03\/Tribunal-Supremo-Sentencia.jpg","datePublished":"2025-03-28T08:54:26+00:00","dateModified":"2025-03-28T11:18:12+00:00","breadcrumb":{"@id":"https:\/\/molto-abogados.com\/en\/la-nulidad-del-despido-por-razon-de-embarazo-alegada-en-demanda-y-no-en-el-acto-de-conciliacion-en-el-smac-es-posible\/#breadcrumb"},"inLanguage":"en-US","potentialAction":[{"@type":"ReadAction","target":["https:\/\/molto-abogados.com\/en\/la-nulidad-del-despido-por-razon-de-embarazo-alegada-en-demanda-y-no-en-el-acto-de-conciliacion-en-el-smac-es-posible\/"]}]},{"@type":"ImageObject","inLanguage":"en-US","@id":"https:\/\/molto-abogados.com\/en\/la-nulidad-del-despido-por-razon-de-embarazo-alegada-en-demanda-y-no-en-el-acto-de-conciliacion-en-el-smac-es-posible\/#primaryimage","url":"https:\/\/molto-abogados.com\/wp-content\/uploads\/2025\/03\/Tribunal-Supremo-Sentencia.jpg","contentUrl":"https:\/\/molto-abogados.com\/wp-content\/uploads\/2025\/03\/Tribunal-Supremo-Sentencia.jpg","width":1280,"height":853,"caption":"La nulidad del despido por raz\u00f3n de embarazo alegada en demanda y no en el acto de conciliaci\u00f3n en el SMAC: \u00bfes posible?"},{"@type":"BreadcrumbList","@id":"https:\/\/molto-abogados.com\/en\/la-nulidad-del-despido-por-razon-de-embarazo-alegada-en-demanda-y-no-en-el-acto-de-conciliacion-en-el-smac-es-posible\/#breadcrumb","itemListElement":[{"@type":"ListItem","position":1,"name":"Portada","item":"https:\/\/molto-abogados.com\/en\/"},{"@type":"ListItem","position":2,"name":"La nulidad del despido por raz\u00f3n de embarazo alegada en demanda y no en el acto de conciliaci\u00f3n en el SMAC: \u00bfes posible?"}]},{"@type":"WebSite","@id":"https:\/\/molto-abogados.com\/#website","url":"https:\/\/molto-abogados.com\/","name":"Molt\u00f3 Abogados","description":"Boutique Legal","publisher":{"@id":"https:\/\/molto-abogados.com\/#organization"},"potentialAction":[{"@type":"SearchAction","target":{"@type":"EntryPoint","urlTemplate":"https:\/\/molto-abogados.com\/?s={search_term_string}"},"query-input":{"@type":"PropertyValueSpecification","valueRequired":true,"valueName":"search_term_string"}}],"inLanguage":"en-US"},{"@type":"Organization","@id":"https:\/\/molto-abogados.com\/#organization","name":"Molt\u00f3 Abogados","url":"https:\/\/molto-abogados.com\/","logo":{"@type":"ImageObject","inLanguage":"en-US","@id":"https:\/\/molto-abogados.com\/#\/schema\/logo\/image\/","url":"https:\/\/molto-abogados.com\/wp-content\/uploads\/2024\/10\/logo.png","contentUrl":"https:\/\/molto-abogados.com\/wp-content\/uploads\/2024\/10\/logo.png","width":4102,"height":1019,"caption":"Molt\u00f3 Abogados"},"image":{"@id":"https:\/\/molto-abogados.com\/#\/schema\/logo\/image\/"}},{"@type":"Person","@id":"https:\/\/molto-abogados.com\/#\/schema\/person\/f73c39894c18b3390b3888ebd08ba26b","name":"Marta P\u00e9rez","image":{"@type":"ImageObject","inLanguage":"en-US","@id":"https:\/\/molto-abogados.com\/#\/schema\/person\/image\/","url":"https:\/\/secure.gravatar.com\/avatar\/ffdd1d1f61005ea93b4213cf8b44dc2f?s=96&d=mm&r=g","contentUrl":"https:\/\/secure.gravatar.com\/avatar\/ffdd1d1f61005ea93b4213cf8b44dc2f?s=96&d=mm&r=g","caption":"Marta P\u00e9rez"},"url":"https:\/\/molto-abogados.com\/en\/author\/marta-perez\/"}]}},"_links":{"self":[{"href":"https:\/\/molto-abogados.com\/en\/wp-json\/wp\/v2\/posts\/1452","targetHints":{"allow":["GET"]}}],"collection":[{"href":"https:\/\/molto-abogados.com\/en\/wp-json\/wp\/v2\/posts"}],"about":[{"href":"https:\/\/molto-abogados.com\/en\/wp-json\/wp\/v2\/types\/post"}],"author":[{"embeddable":true,"href":"https:\/\/molto-abogados.com\/en\/wp-json\/wp\/v2\/users\/3"}],"replies":[{"embeddable":true,"href":"https:\/\/molto-abogados.com\/en\/wp-json\/wp\/v2\/comments?post=1452"}],"version-history":[{"count":6,"href":"https:\/\/molto-abogados.com\/en\/wp-json\/wp\/v2\/posts\/1452\/revisions"}],"predecessor-version":[{"id":1460,"href":"https:\/\/molto-abogados.com\/en\/wp-json\/wp\/v2\/posts\/1452\/revisions\/1460"}],"wp:featuredmedia":[{"embeddable":true,"href":"https:\/\/molto-abogados.com\/en\/wp-json\/wp\/v2\/media\/1453"}],"wp:attachment":[{"href":"https:\/\/molto-abogados.com\/en\/wp-json\/wp\/v2\/media?parent=1452"}],"wp:term":[{"taxonomy":"category","embeddable":true,"href":"https:\/\/molto-abogados.com\/en\/wp-json\/wp\/v2\/categories?post=1452"},{"taxonomy":"post_tag","embeddable":true,"href":"https:\/\/molto-abogados.com\/en\/wp-json\/wp\/v2\/tags?post=1452"}],"curies":[{"name":"wp","href":"https:\/\/api.w.org\/{rel}","templated":true}]}}